{"id":5082,"date":"2019-06-17T12:34:39","date_gmt":"2019-06-17T10:34:39","guid":{"rendered":"http:\/\/xn--clubdemontaagranada-53b.es\/blog\/?p=5082"},"modified":"2019-08-21T12:44:26","modified_gmt":"2019-08-21T10:44:26","slug":"proxima-salida-17-y-18-agosto-i-travesia-nocturna-al-picon-de-jerez","status":"publish","type":"post","link":"https:\/\/xn--clubdemontaagranada-53b.es\/blog\/proxima-salida-17-y-18-agosto-i-travesia-nocturna-al-picon-de-jerez\/","title":{"rendered":"Pr\u00f3xima salida 17 y 18 Agosto \u00abI-Traves\u00eda nocturna al Pic\u00f3n de J\u00e9rez\u00bb"},"content":{"rendered":"<div id=\"attachment_5083\" style=\"width: 300px\" class=\"wp-caption alignleft\"><img loading=\"lazy\" decoding=\"async\" aria-describedby=\"caption-attachment-5083\" class=\"wp-image-5083 size-medium\" src=\"https:\/\/xn--clubdemontaagranada-53b.es\/blog\/wp-content\/uploads\/2019\/07\/Pic\u00f3n-de-J\u00e9rez-210719-300x169.png\" alt=\"\" width=\"300\" height=\"169\" srcset=\"https:\/\/xn--clubdemontaagranada-53b.es\/blog\/wp-content\/uploads\/2019\/07\/Pic\u00f3n-de-J\u00e9rez-210719-300x169.png 300w, https:\/\/xn--clubdemontaagranada-53b.es\/blog\/wp-content\/uploads\/2019\/07\/Pic\u00f3n-de-J\u00e9rez-210719.png 458w\" sizes=\"auto, (max-width: 300px) 100vw, 300px\" \/><p id=\"caption-attachment-5083\" class=\"wp-caption-text\">Pic\u00f3n de J\u00e9rez 210719<\/p><\/div>\n<div id=\"attachment_5085\" style=\"width: 272px\" class=\"wp-caption alignright\"><img loading=\"lazy\" decoding=\"async\" aria-describedby=\"caption-attachment-5085\" class=\"wp-image-5085 size-full\" src=\"https:\/\/xn--clubdemontaagranada-53b.es\/blog\/wp-content\/uploads\/2019\/07\/untitled.png\" alt=\"\" width=\"272\" height=\"185\" \/><p id=\"caption-attachment-5085\" class=\"wp-caption-text\">Accidente del 08031960<\/p><\/div>\n<p>&nbsp;<\/p>\n<p>&nbsp;<\/p>\n<p>&nbsp;<\/p>\n<p>&nbsp;<\/p>\n<p>&nbsp;<\/p>\n<p>&nbsp;<\/p>\n<p><strong>El fin de semana del 17 y 18 Agosto de 2.017,\u00a0 el Club de Monta\u00f1a Granada, tiene previsto realizar la primera traves\u00eda nocturna al Pic\u00f3n de J\u00e9rez para ver el amanecer. El recorrido de unos 30 kms. si iniciar\u00e1 en la localidad de J\u00e9rez del Marquesado (1.237 m. ) para terminar en la localidad de Trev\u00e9lez (1.476 m.) \u00a0por la ruta del avi\u00f3n, Pic\u00f3n de J\u00e9rez (3.090 m.), Laguna Juntillas, rio Juntillas, rio Goter\u00f3n y rio Trev\u00e9lez. La jornada comenzar\u00e1 a las 22:00 horas del d\u00eda 17 en la Avda. del Parque de las Ciencias de Granada donde no esperar\u00e1 un autob\u00fas que nos llevar\u00e1 a la localidad de J\u00e9rez del Marquesado, sobre las 23:00 horas comenzar\u00e1 la subida con direcci\u00f3n al Pic\u00f3n de J\u00e9rez por la ruta del avi\u00f3n.\u00a0 La cima del Pic\u00f3n es el tres mil mas oriental de Sierra Nevada y se espera estar en la cima sobre las 7:00 de la ma\u00f1ana para ver el amanecer. La llegada a Trev\u00e9lez se prev\u00e9 para las 13:00\/14:00 horas. Se estima una duraci\u00f3n de 13-14 \u00a0horas brutas de caminata para 30 kms. de recorrido, dificultad alta, salida de Granada a las 22:00 horas del s\u00e1bado 17 de agosto.<\/strong><\/p>\n<p><strong>El Club de Monta\u00f1a Granada y los organizadores del recorrido advierten\u00a0que no se hacen responsables de las imprudencias de los participantes cuando abandonan el grupo o marchan por un itinerario diferente al indicado. Se recuerda que est\u00e1 prohibido adelantar al organizador de la ruta nombrado por el Club.<\/strong><\/p>\n<p><span style=\"color: #ff6600;\"><strong>RECOMENDACIONES<\/strong><\/span><\/p>\n<p><strong>Material obligatorio para la noche: frontal o linterna, gorro de lana, guantes, bufanda o puff para el cuello, pantal\u00f3n largo, camiseta manga larga, forro polar, plum\u00f3n o chaqueta para el frio, botas de monta\u00f1a.<\/strong><\/p>\n<p><strong>Material obligatorio para el d\u00eda: crema solar, gafas de sol, gorra y camiseta de manga corta.<\/strong><\/p>\n<p><strong>Material recomendable: crema labial, calcetines de repuesto, chubasquero, chanclas o zapatillas, mochila con abundante agua y alimentos ricos en az\u00facar como chocolatinas, caramelos, galletas, frutos secos, fruta natural, zumos, bocadillos, etc.\u00a0<\/strong><\/p>\n<p><span style=\"color: #ff6600;\"><strong>INVITADOS:<\/strong><\/span><\/p>\n<p><strong>Solicitar reserva de plaza a trav\u00e9s de nuestro correo electr\u00f3nico clubmontagrana@hotmail.com facilitando datos personales como NOMBRE COMPLETO-DNI-TELEFONO<\/strong><\/p>\n","protected":false},"excerpt":{"rendered":"<p>&nbsp; &nbsp; &nbsp; &nbsp; &nbsp; &nbsp; El fin de semana del 17 y 18 Agosto de 2.017,\u00a0 el Club de Monta\u00f1a Granada, tiene previsto realizar la primera traves\u00eda nocturna al Pic\u00f3n de J\u00e9rez para ver el amanecer. El recorrido de unos 30 kms. si iniciar\u00e1 en la localidad de J\u00e9rez del Marquesado (1.237 m. ) &hellip; <\/p>\n<p><a class=\"more-link btn\" href=\"https:\/\/xn--clubdemontaagranada-53b.es\/blog\/proxima-salida-17-y-18-agosto-i-travesia-nocturna-al-picon-de-jerez\/\">Seguir leyendo<\/a><\/p>\n","protected":false},"author":1,"featured_media":0,"comment_status":"open","ping_status":"open","sticky":false,"template":"","format":"standard","meta":{"footnotes":""},"categories":[1,9],"tags":[19,13,14,16],"class_list":["post-5082","post","type-post","status-publish","format-standard","hentry","category-general","category-actividades","tag-alta-montana","tag-dificultad-alta","tag-rutas-de-un-dia","tag-sierra-nevada","item-wrap"],"_links":{"self":[{"href":"https:\/\/xn--clubdemontaagranada-53b.es\/blog\/wp-json\/wp\/v2\/posts\/5082","targetHints":{"allow":["GET"]}}],"collection":[{"href":"https:\/\/xn--clubdemontaagranada-53b.es\/blog\/wp-json\/wp\/v2\/posts"}],"about":[{"href":"https:\/\/xn--clubdemontaagranada-53b.es\/blog\/wp-json\/wp\/v2\/types\/post"}],"author":[{"embeddable":true,"href":"https:\/\/xn--clubdemontaagranada-53b.es\/blog\/wp-json\/wp\/v2\/users\/1"}],"replies":[{"embeddable":true,"href":"https:\/\/xn--clubdemontaagranada-53b.es\/blog\/wp-json\/wp\/v2\/comments?post=5082"}],"version-history":[{"count":5,"href":"https:\/\/xn--clubdemontaagranada-53b.es\/blog\/wp-json\/wp\/v2\/posts\/5082\/revisions"}],"predecessor-version":[{"id":5089,"href":"https:\/\/xn--clubdemontaagranada-53b.es\/blog\/wp-json\/wp\/v2\/posts\/5082\/revisions\/5089"}],"wp:attachment":[{"href":"https:\/\/xn--clubdemontaagranada-53b.es\/blog\/wp-json\/wp\/v2\/media?parent=5082"}],"wp:term":[{"taxonomy":"category","embeddable":true,"href":"https:\/\/xn--clubdemontaagranada-53b.es\/blog\/wp-json\/wp\/v2\/categories?post=5082"},{"taxonomy":"post_tag","embeddable":true,"href":"https:\/\/xn--clubdemontaagranada-53b.es\/blog\/wp-json\/wp\/v2\/tags?post=5082"}],"curies":[{"name":"wp","href":"https:\/\/api.w.org\/{rel}","templated":true}]}}