{"id":5187,"date":"2020-02-19T23:39:30","date_gmt":"2020-02-19T21:39:30","guid":{"rendered":"http:\/\/xn--clubdemontaagranada-53b.es\/blog\/?p=5187"},"modified":"2020-02-19T23:57:51","modified_gmt":"2020-02-19T21:57:51","slug":"fotos-y-track-de-la-i-travesia-por-la-sierra-de-lujar","status":"publish","type":"post","link":"https:\/\/xn--clubdemontaagranada-53b.es\/blog\/fotos-y-track-de-la-i-travesia-por-la-sierra-de-lujar\/","title":{"rendered":"Fotos y Track de la I-Traves\u00eda por la Sierra de Lujar"},"content":{"rendered":"<p>&nbsp;<\/p>\n<div id=\"attachment_3839\" style=\"width: 96px\" class=\"wp-caption alignright\"><a href=\"https:\/\/es.wikiloc.com\/rutas-senderismo\/tv-sierra-de-lujar-46810265\"><img loading=\"lazy\" decoding=\"async\" aria-describedby=\"caption-attachment-3839\" class=\"size-full wp-image-3839\" src=\"https:\/\/xn--clubdemontaagranada-53b.es\/blog\/wp-content\/uploads\/2015\/02\/Ruta-GPS-de-German.png\" alt=\"\" width=\"96\" height=\"28\" \/><\/a><p id=\"caption-attachment-3839\" class=\"wp-caption-text\">I-Tv. por la Sierra de Lujar 160220<\/p><\/div>\n<div id=\"attachment_5192\" style=\"width: 300px\" class=\"wp-caption alignleft\"><a href=\"https:\/\/photos.app.goo.gl\/qxDMTR7M5JVUsFM27\"><img loading=\"lazy\" decoding=\"async\" aria-describedby=\"caption-attachment-5192\" class=\"wp-image-5192 size-medium\" src=\"https:\/\/xn--clubdemontaagranada-53b.es\/blog\/wp-content\/uploads\/2020\/02\/Tv.Sierra-de-Lujar-160220-19-300x225.jpg\" alt=\"\" width=\"300\" height=\"225\" srcset=\"https:\/\/xn--clubdemontaagranada-53b.es\/blog\/wp-content\/uploads\/2020\/02\/Tv.Sierra-de-Lujar-160220-19-300x225.jpg 300w, https:\/\/xn--clubdemontaagranada-53b.es\/blog\/wp-content\/uploads\/2020\/02\/Tv.Sierra-de-Lujar-160220-19-1024x768.jpg 1024w, https:\/\/xn--clubdemontaagranada-53b.es\/blog\/wp-content\/uploads\/2020\/02\/Tv.Sierra-de-Lujar-160220-19-768x576.jpg 768w, https:\/\/xn--clubdemontaagranada-53b.es\/blog\/wp-content\/uploads\/2020\/02\/Tv.Sierra-de-Lujar-160220-19-1536x1152.jpg 1536w, https:\/\/xn--clubdemontaagranada-53b.es\/blog\/wp-content\/uploads\/2020\/02\/Tv.Sierra-de-Lujar-160220-19-2048x1536.jpg 2048w\" sizes=\"auto, (max-width: 300px) 100vw, 300px\" \/><\/a><p id=\"caption-attachment-5192\" class=\"wp-caption-text\">I-Traves\u00eda por la Sierra de Lujar 160220<\/p><\/div>\n<p>&nbsp;<\/p>\n<p>&nbsp;<\/p>\n<p>&nbsp;<\/p>\n<p>&nbsp;<\/p>\n<p>&nbsp;<\/p>\n<p>&nbsp;<\/p>\n<p>&nbsp;<\/p>\n<p>&nbsp;<\/p>\n<p>&nbsp;<\/p>\n<p>&nbsp;<\/p>\n<p>&nbsp;<\/p>\n<p><strong>El domingo 16 de Febrero de 2020 tuvo lugar la primera traves\u00eda que realiza el Club de Monta\u00f1a Granada por la Sierra de Lujar, de Lagos (650 m.) a Venta Ca\u00f1adas ascendiendo a Los Pelaos de 1.878 metros. La traves\u00eda de unos 17 kms. participaron 25 compa\u00f1eros que necesitaron cerca de 9 horas brutas para su realizaci\u00f3n. Tenemos que destacar la dureza del tramo de ascensi\u00f3n de Lagos a Los Pelaos\u00a0 debido a un error log\u00edstico del responsable que hizo multiplicar su dificultad. No aconsejamos a nadie guiarse por el tramo de ascensi\u00f3n del track publicado en Wikilock.<\/strong><\/p>\n","protected":false},"excerpt":{"rendered":"<p>&nbsp; &nbsp; &nbsp; &nbsp; &nbsp; &nbsp; &nbsp; &nbsp; &nbsp; &nbsp; &nbsp; &nbsp; El domingo 16 de Febrero de 2020 tuvo lugar la primera traves\u00eda que realiza el Club de Monta\u00f1a Granada por la Sierra de Lujar, de Lagos (650 m.) a Venta Ca\u00f1adas ascendiendo a Los Pelaos de 1.878 metros. La traves\u00eda de unos 17 &hellip; <\/p>\n<p><a class=\"more-link btn\" href=\"https:\/\/xn--clubdemontaagranada-53b.es\/blog\/fotos-y-track-de-la-i-travesia-por-la-sierra-de-lujar\/\">Seguir leyendo<\/a><\/p>\n","protected":false},"author":1,"featured_media":0,"comment_status":"open","ping_status":"open","sticky":false,"template":"","format":"standard","meta":{"footnotes":""},"categories":[1,9],"tags":[12,10,17,14],"class_list":["post-5187","post","type-post","status-publish","format-standard","hentry","category-general","category-actividades","tag-dificultad-media","tag-media-montana","tag-sierras","tag-rutas-de-un-dia","item-wrap"],"_links":{"self":[{"href":"https:\/\/xn--clubdemontaagranada-53b.es\/blog\/wp-json\/wp\/v2\/posts\/5187","targetHints":{"allow":["GET"]}}],"collection":[{"href":"https:\/\/xn--clubdemontaagranada-53b.es\/blog\/wp-json\/wp\/v2\/posts"}],"about":[{"href":"https:\/\/xn--clubdemontaagranada-53b.es\/blog\/wp-json\/wp\/v2\/types\/post"}],"author":[{"embeddable":true,"href":"https:\/\/xn--clubdemontaagranada-53b.es\/blog\/wp-json\/wp\/v2\/users\/1"}],"replies":[{"embeddable":true,"href":"https:\/\/xn--clubdemontaagranada-53b.es\/blog\/wp-json\/wp\/v2\/comments?post=5187"}],"version-history":[{"count":11,"href":"https:\/\/xn--clubdemontaagranada-53b.es\/blog\/wp-json\/wp\/v2\/posts\/5187\/revisions"}],"predecessor-version":[{"id":5199,"href":"https:\/\/xn--clubdemontaagranada-53b.es\/blog\/wp-json\/wp\/v2\/posts\/5187\/revisions\/5199"}],"wp:attachment":[{"href":"https:\/\/xn--clubdemontaagranada-53b.es\/blog\/wp-json\/wp\/v2\/media?parent=5187"}],"wp:term":[{"taxonomy":"category","embeddable":true,"href":"https:\/\/xn--clubdemontaagranada-53b.es\/blog\/wp-json\/wp\/v2\/categories?post=5187"},{"taxonomy":"post_tag","embeddable":true,"href":"https:\/\/xn--clubdemontaagranada-53b.es\/blog\/wp-json\/wp\/v2\/tags?post=5187"}],"curies":[{"name":"wp","href":"https:\/\/api.w.org\/{rel}","templated":true}]}}